
{"id":14195,"date":"2023-09-05T20:44:15","date_gmt":"2023-09-06T00:44:15","guid":{"rendered":"https:\/\/www.swlauriersb.qc.ca\/?p=14195"},"modified":"2023-10-02T08:34:32","modified_gmt":"2023-10-02T12:34:32","slug":"les-partenaires-lavallois-sunissent-pour-la-campagne-annuelle-debarque-moi-en-toute-securite","status":"publish","type":"post","link":"https:\/\/www.swlauriersb.qc.ca\/fr\/les-partenaires-lavallois-sunissent-pour-la-campagne-annuelle-debarque-moi-en-toute-securite\/","title":{"rendered":"Les partenaires lavallois s\u2019unissent pour la campagne annuelle \u00ab D\u00e9barque moi en toute s\u00e9curit\u00e9 \u00bb"},"content":{"rendered":"","protected":false},"excerpt":{"rendered":"","protected":false},"author":9,"featured_media":14190,"comment_status":"closed","ping_status":"open","sticky":false,"template":"","format":"standard","meta":{"_acf_changed":false,"_uf_show_specific_survey":0,"_uf_disable_surveys":false,"footnotes":""},"categories":[54],"tags":[],"class_list":["post-14195","post","type-post","status-publish","format-standard","has-post-thumbnail","hentry","category-communique-de-presse"],"acf":[],"yoast_head":"<!-- This site is optimized with the Yoast SEO plugin v27.0 - https:\/\/yoast.com\/product\/yoast-seo-wordpress\/ -->\n<title>Les partenaires lavallois s\u2019unissent pour la campagne annuelle \u00ab D\u00e9barque moi en toute s\u00e9curit\u00e9 \u00bb - Sir-Wilfrid-Laurier<\/title>\n<meta name=\"robots\" content=\"index, follow, max-snippet:-1, max-image-preview:large, max-video-preview:-1\" \/>\n<link rel=\"canonical\" href=\"https:\/\/www.swlauriersb.qc.ca\/fr\/les-partenaires-lavallois-sunissent-pour-la-campagne-annuelle-debarque-moi-en-toute-securite\/\" \/>\n<meta property=\"og:locale\" content=\"fr_FR\" \/>\n<meta property=\"og:type\" content=\"article\" \/>\n<meta property=\"og:title\" content=\"Les partenaires lavallois s\u2019unissent pour la campagne annuelle \u00ab D\u00e9barque moi en toute s\u00e9curit\u00e9 \u00bb - Sir-Wilfrid-Laurier\" \/>\n<meta property=\"og:url\" content=\"https:\/\/www.swlauriersb.qc.ca\/fr\/les-partenaires-lavallois-sunissent-pour-la-campagne-annuelle-debarque-moi-en-toute-securite\/\" \/>\n<meta property=\"og:site_name\" content=\"Sir-Wilfrid-Laurier\" \/>\n<meta property=\"article:publisher\" content=\"https:\/\/www.facebook.com\/SWLSB\" \/>\n<meta property=\"article:published_time\" content=\"2023-09-06T00:44:15+00:00\" \/>\n<meta property=\"article:modified_time\" content=\"2023-10-02T12:34:32+00:00\" \/>\n<meta property=\"og:image\" content=\"https:\/\/www.swlauriersb.qc.ca\/wp-content\/uploads\/2023\/09\/mas-tu-vu-picture-bus-safetyvgp-2658-vincent-girard-lr.jpg\" \/>\n\t<meta property=\"og:image:width\" content=\"1800\" \/>\n\t<meta property=\"og:image:height\" content=\"1200\" \/>\n\t<meta property=\"og:image:type\" content=\"image\/jpeg\" \/>\n<meta name=\"author\" content=\"Maxeen\" \/>\n<meta name=\"twitter:card\" content=\"summary_large_image\" \/>\n<meta name=\"twitter:label1\" content=\"\u00c9crit par\" \/>\n\t<meta name=\"twitter:data1\" content=\"Maxeen\" \/>\n<script type=\"application\/ld+json\" class=\"yoast-schema-graph\">{\"@context\":\"https:\/\/schema.org\",\"@graph\":[{\"@type\":\"Article\",\"@id\":\"https:\/\/www.swlauriersb.qc.ca\/fr\/les-partenaires-lavallois-sunissent-pour-la-campagne-annuelle-debarque-moi-en-toute-securite\/#article\",\"isPartOf\":{\"@id\":\"https:\/\/www.swlauriersb.qc.ca\/fr\/les-partenaires-lavallois-sunissent-pour-la-campagne-annuelle-debarque-moi-en-toute-securite\/\"},\"author\":{\"name\":\"Maxeen\",\"@id\":\"https:\/\/www.swlauriersb.qc.ca\/fr\/#\/schema\/person\/eb63a6b0f25d129f62f8bd235b9cfe93\"},\"headline\":\"Les partenaires lavallois s\u2019unissent pour la campagne annuelle \u00ab D\u00e9barque moi en toute s\u00e9curit\u00e9 \u00bb\",\"datePublished\":\"2023-09-06T00:44:15+00:00\",\"dateModified\":\"2023-10-02T12:34:32+00:00\",\"mainEntityOfPage\":{\"@id\":\"https:\/\/www.swlauriersb.qc.ca\/fr\/les-partenaires-lavallois-sunissent-pour-la-campagne-annuelle-debarque-moi-en-toute-securite\/\"},\"wordCount\":16,\"publisher\":{\"@id\":\"https:\/\/www.swlauriersb.qc.ca\/fr\/#organization\"},\"image\":{\"@id\":\"https:\/\/www.swlauriersb.qc.ca\/fr\/les-partenaires-lavallois-sunissent-pour-la-campagne-annuelle-debarque-moi-en-toute-securite\/#primaryimage\"},\"thumbnailUrl\":\"https:\/\/www.swlauriersb.qc.ca\/wp-content\/uploads\/2023\/09\/mas-tu-vu-picture-bus-safetyvgp-2658-vincent-girard-lr.jpg\",\"articleSection\":[\"Communiqu\u00e9s de presse\"],\"inLanguage\":\"fr-FR\"},{\"@type\":\"WebPage\",\"@id\":\"https:\/\/www.swlauriersb.qc.ca\/fr\/les-partenaires-lavallois-sunissent-pour-la-campagne-annuelle-debarque-moi-en-toute-securite\/\",\"url\":\"https:\/\/www.swlauriersb.qc.ca\/fr\/les-partenaires-lavallois-sunissent-pour-la-campagne-annuelle-debarque-moi-en-toute-securite\/\",\"name\":\"Les partenaires lavallois s\u2019unissent pour la campagne annuelle \u00ab D\u00e9barque moi en toute s\u00e9curit\u00e9 \u00bb - Sir-Wilfrid-Laurier\",\"isPartOf\":{\"@id\":\"https:\/\/www.swlauriersb.qc.ca\/fr\/#website\"},\"primaryImageOfPage\":{\"@id\":\"https:\/\/www.swlauriersb.qc.ca\/fr\/les-partenaires-lavallois-sunissent-pour-la-campagne-annuelle-debarque-moi-en-toute-securite\/#primaryimage\"},\"image\":{\"@id\":\"https:\/\/www.swlauriersb.qc.ca\/fr\/les-partenaires-lavallois-sunissent-pour-la-campagne-annuelle-debarque-moi-en-toute-securite\/#primaryimage\"},\"thumbnailUrl\":\"https:\/\/www.swlauriersb.qc.ca\/wp-content\/uploads\/2023\/09\/mas-tu-vu-picture-bus-safetyvgp-2658-vincent-girard-lr.jpg\",\"datePublished\":\"2023-09-06T00:44:15+00:00\",\"dateModified\":\"2023-10-02T12:34:32+00:00\",\"breadcrumb\":{\"@id\":\"https:\/\/www.swlauriersb.qc.ca\/fr\/les-partenaires-lavallois-sunissent-pour-la-campagne-annuelle-debarque-moi-en-toute-securite\/#breadcrumb\"},\"inLanguage\":\"fr-FR\",\"potentialAction\":[{\"@type\":\"ReadAction\",\"target\":[\"https:\/\/www.swlauriersb.qc.ca\/fr\/les-partenaires-lavallois-sunissent-pour-la-campagne-annuelle-debarque-moi-en-toute-securite\/\"]}]},{\"@type\":\"ImageObject\",\"inLanguage\":\"fr-FR\",\"@id\":\"https:\/\/www.swlauriersb.qc.ca\/fr\/les-partenaires-lavallois-sunissent-pour-la-campagne-annuelle-debarque-moi-en-toute-securite\/#primaryimage\",\"url\":\"https:\/\/www.swlauriersb.qc.ca\/wp-content\/uploads\/2023\/09\/mas-tu-vu-picture-bus-safetyvgp-2658-vincent-girard-lr.jpg\",\"contentUrl\":\"https:\/\/www.swlauriersb.qc.ca\/wp-content\/uploads\/2023\/09\/mas-tu-vu-picture-bus-safetyvgp-2658-vincent-girard-lr.jpg\",\"width\":1800,\"height\":1200},{\"@type\":\"BreadcrumbList\",\"@id\":\"https:\/\/www.swlauriersb.qc.ca\/fr\/les-partenaires-lavallois-sunissent-pour-la-campagne-annuelle-debarque-moi-en-toute-securite\/#breadcrumb\",\"itemListElement\":[{\"@type\":\"ListItem\",\"position\":1,\"name\":\"\",\"item\":\"https:\/\/www.swlauriersb.qc.ca\/fr\/\"},{\"@type\":\"ListItem\",\"position\":2,\"name\":\"Les partenaires lavallois s\u2019unissent pour la campagne annuelle \u00ab D\u00e9barque moi en toute s\u00e9curit\u00e9 \u00bb\"}]},{\"@type\":\"WebSite\",\"@id\":\"https:\/\/www.swlauriersb.qc.ca\/fr\/#website\",\"url\":\"https:\/\/www.swlauriersb.qc.ca\/fr\/\",\"name\":\"Sir-Wilfrid-Laurier School Board\",\"description\":\"Quebec English School board serving regions of Laval, Laurentides and Lanaudi\u00e8re\",\"publisher\":{\"@id\":\"https:\/\/www.swlauriersb.qc.ca\/fr\/#organization\"},\"potentialAction\":[{\"@type\":\"SearchAction\",\"target\":{\"@type\":\"EntryPoint\",\"urlTemplate\":\"https:\/\/www.swlauriersb.qc.ca\/fr\/?s={search_term_string}\"},\"query-input\":{\"@type\":\"PropertyValueSpecification\",\"valueRequired\":true,\"valueName\":\"search_term_string\"}}],\"inLanguage\":\"fr-FR\"},{\"@type\":\"Organization\",\"@id\":\"https:\/\/www.swlauriersb.qc.ca\/fr\/#organization\",\"name\":\"Sir-Wilfrid-Laurier\",\"url\":\"https:\/\/www.swlauriersb.qc.ca\/fr\/\",\"logo\":{\"@type\":\"ImageObject\",\"inLanguage\":\"fr-FR\",\"@id\":\"https:\/\/www.swlauriersb.qc.ca\/fr\/#\/schema\/logo\/image\/\",\"url\":\"https:\/\/www.swlauriersb.qc.ca\/wp-content\/uploads\/2024\/08\/128x128-logo.jpg\",\"contentUrl\":\"https:\/\/www.swlauriersb.qc.ca\/wp-content\/uploads\/2024\/08\/128x128-logo.jpg\",\"width\":356,\"height\":356,\"caption\":\"Sir-Wilfrid-Laurier\"},\"image\":{\"@id\":\"https:\/\/www.swlauriersb.qc.ca\/fr\/#\/schema\/logo\/image\/\"},\"sameAs\":[\"https:\/\/www.facebook.com\/SWLSB\"]},{\"@type\":\"Person\",\"@id\":\"https:\/\/www.swlauriersb.qc.ca\/fr\/#\/schema\/person\/eb63a6b0f25d129f62f8bd235b9cfe93\",\"name\":\"Maxeen\",\"image\":{\"@type\":\"ImageObject\",\"inLanguage\":\"fr-FR\",\"@id\":\"https:\/\/www.swlauriersb.qc.ca\/fr\/#\/schema\/person\/image\/\",\"url\":\"https:\/\/secure.gravatar.com\/avatar\/6bb3e6608221514c13d7a308509d17a87c9d6933e3e39607462678c897762b6b?s=96&d=mm&r=g\",\"contentUrl\":\"https:\/\/secure.gravatar.com\/avatar\/6bb3e6608221514c13d7a308509d17a87c9d6933e3e39607462678c897762b6b?s=96&d=mm&r=g\",\"caption\":\"Maxeen\"}}]}<\/script>\n<!-- \/ Yoast SEO plugin. -->","yoast_head_json":{"title":"Les partenaires lavallois s\u2019unissent pour la campagne annuelle \u00ab D\u00e9barque moi en toute s\u00e9curit\u00e9 \u00bb - Sir-Wilfrid-Laurier","robots":{"index":"index","follow":"follow","max-snippet":"max-snippet:-1","max-image-preview":"max-image-preview:large","max-video-preview":"max-video-preview:-1"},"canonical":"https:\/\/www.swlauriersb.qc.ca\/fr\/les-partenaires-lavallois-sunissent-pour-la-campagne-annuelle-debarque-moi-en-toute-securite\/","og_locale":"fr_FR","og_type":"article","og_title":"Les partenaires lavallois s\u2019unissent pour la campagne annuelle \u00ab D\u00e9barque moi en toute s\u00e9curit\u00e9 \u00bb - Sir-Wilfrid-Laurier","og_url":"https:\/\/www.swlauriersb.qc.ca\/fr\/les-partenaires-lavallois-sunissent-pour-la-campagne-annuelle-debarque-moi-en-toute-securite\/","og_site_name":"Sir-Wilfrid-Laurier","article_publisher":"https:\/\/www.facebook.com\/SWLSB","article_published_time":"2023-09-06T00:44:15+00:00","article_modified_time":"2023-10-02T12:34:32+00:00","og_image":[{"width":1800,"height":1200,"url":"https:\/\/www.swlauriersb.qc.ca\/wp-content\/uploads\/2023\/09\/mas-tu-vu-picture-bus-safetyvgp-2658-vincent-girard-lr.jpg","type":"image\/jpeg"}],"author":"Maxeen","twitter_card":"summary_large_image","twitter_misc":{"\u00c9crit par":"Maxeen"},"schema":{"@context":"https:\/\/schema.org","@graph":[{"@type":"Article","@id":"https:\/\/www.swlauriersb.qc.ca\/fr\/les-partenaires-lavallois-sunissent-pour-la-campagne-annuelle-debarque-moi-en-toute-securite\/#article","isPartOf":{"@id":"https:\/\/www.swlauriersb.qc.ca\/fr\/les-partenaires-lavallois-sunissent-pour-la-campagne-annuelle-debarque-moi-en-toute-securite\/"},"author":{"name":"Maxeen","@id":"https:\/\/www.swlauriersb.qc.ca\/fr\/#\/schema\/person\/eb63a6b0f25d129f62f8bd235b9cfe93"},"headline":"Les partenaires lavallois s\u2019unissent pour la campagne annuelle \u00ab D\u00e9barque moi en toute s\u00e9curit\u00e9 \u00bb","datePublished":"2023-09-06T00:44:15+00:00","dateModified":"2023-10-02T12:34:32+00:00","mainEntityOfPage":{"@id":"https:\/\/www.swlauriersb.qc.ca\/fr\/les-partenaires-lavallois-sunissent-pour-la-campagne-annuelle-debarque-moi-en-toute-securite\/"},"wordCount":16,"publisher":{"@id":"https:\/\/www.swlauriersb.qc.ca\/fr\/#organization"},"image":{"@id":"https:\/\/www.swlauriersb.qc.ca\/fr\/les-partenaires-lavallois-sunissent-pour-la-campagne-annuelle-debarque-moi-en-toute-securite\/#primaryimage"},"thumbnailUrl":"https:\/\/www.swlauriersb.qc.ca\/wp-content\/uploads\/2023\/09\/mas-tu-vu-picture-bus-safetyvgp-2658-vincent-girard-lr.jpg","articleSection":["Communiqu\u00e9s de presse"],"inLanguage":"fr-FR"},{"@type":"WebPage","@id":"https:\/\/www.swlauriersb.qc.ca\/fr\/les-partenaires-lavallois-sunissent-pour-la-campagne-annuelle-debarque-moi-en-toute-securite\/","url":"https:\/\/www.swlauriersb.qc.ca\/fr\/les-partenaires-lavallois-sunissent-pour-la-campagne-annuelle-debarque-moi-en-toute-securite\/","name":"Les partenaires lavallois s\u2019unissent pour la campagne annuelle \u00ab D\u00e9barque moi en toute s\u00e9curit\u00e9 \u00bb - Sir-Wilfrid-Laurier","isPartOf":{"@id":"https:\/\/www.swlauriersb.qc.ca\/fr\/#website"},"primaryImageOfPage":{"@id":"https:\/\/www.swlauriersb.qc.ca\/fr\/les-partenaires-lavallois-sunissent-pour-la-campagne-annuelle-debarque-moi-en-toute-securite\/#primaryimage"},"image":{"@id":"https:\/\/www.swlauriersb.qc.ca\/fr\/les-partenaires-lavallois-sunissent-pour-la-campagne-annuelle-debarque-moi-en-toute-securite\/#primaryimage"},"thumbnailUrl":"https:\/\/www.swlauriersb.qc.ca\/wp-content\/uploads\/2023\/09\/mas-tu-vu-picture-bus-safetyvgp-2658-vincent-girard-lr.jpg","datePublished":"2023-09-06T00:44:15+00:00","dateModified":"2023-10-02T12:34:32+00:00","breadcrumb":{"@id":"https:\/\/www.swlauriersb.qc.ca\/fr\/les-partenaires-lavallois-sunissent-pour-la-campagne-annuelle-debarque-moi-en-toute-securite\/#breadcrumb"},"inLanguage":"fr-FR","potentialAction":[{"@type":"ReadAction","target":["https:\/\/www.swlauriersb.qc.ca\/fr\/les-partenaires-lavallois-sunissent-pour-la-campagne-annuelle-debarque-moi-en-toute-securite\/"]}]},{"@type":"ImageObject","inLanguage":"fr-FR","@id":"https:\/\/www.swlauriersb.qc.ca\/fr\/les-partenaires-lavallois-sunissent-pour-la-campagne-annuelle-debarque-moi-en-toute-securite\/#primaryimage","url":"https:\/\/www.swlauriersb.qc.ca\/wp-content\/uploads\/2023\/09\/mas-tu-vu-picture-bus-safetyvgp-2658-vincent-girard-lr.jpg","contentUrl":"https:\/\/www.swlauriersb.qc.ca\/wp-content\/uploads\/2023\/09\/mas-tu-vu-picture-bus-safetyvgp-2658-vincent-girard-lr.jpg","width":1800,"height":1200},{"@type":"BreadcrumbList","@id":"https:\/\/www.swlauriersb.qc.ca\/fr\/les-partenaires-lavallois-sunissent-pour-la-campagne-annuelle-debarque-moi-en-toute-securite\/#breadcrumb","itemListElement":[{"@type":"ListItem","position":1,"name":"","item":"https:\/\/www.swlauriersb.qc.ca\/fr\/"},{"@type":"ListItem","position":2,"name":"Les partenaires lavallois s\u2019unissent pour la campagne annuelle \u00ab D\u00e9barque moi en toute s\u00e9curit\u00e9 \u00bb"}]},{"@type":"WebSite","@id":"https:\/\/www.swlauriersb.qc.ca\/fr\/#website","url":"https:\/\/www.swlauriersb.qc.ca\/fr\/","name":"Sir-Wilfrid-Laurier School Board","description":"Quebec English School board serving regions of Laval, Laurentides and Lanaudi\u00e8re","publisher":{"@id":"https:\/\/www.swlauriersb.qc.ca\/fr\/#organization"},"potentialAction":[{"@type":"SearchAction","target":{"@type":"EntryPoint","urlTemplate":"https:\/\/www.swlauriersb.qc.ca\/fr\/?s={search_term_string}"},"query-input":{"@type":"PropertyValueSpecification","valueRequired":true,"valueName":"search_term_string"}}],"inLanguage":"fr-FR"},{"@type":"Organization","@id":"https:\/\/www.swlauriersb.qc.ca\/fr\/#organization","name":"Sir-Wilfrid-Laurier","url":"https:\/\/www.swlauriersb.qc.ca\/fr\/","logo":{"@type":"ImageObject","inLanguage":"fr-FR","@id":"https:\/\/www.swlauriersb.qc.ca\/fr\/#\/schema\/logo\/image\/","url":"https:\/\/www.swlauriersb.qc.ca\/wp-content\/uploads\/2024\/08\/128x128-logo.jpg","contentUrl":"https:\/\/www.swlauriersb.qc.ca\/wp-content\/uploads\/2024\/08\/128x128-logo.jpg","width":356,"height":356,"caption":"Sir-Wilfrid-Laurier"},"image":{"@id":"https:\/\/www.swlauriersb.qc.ca\/fr\/#\/schema\/logo\/image\/"},"sameAs":["https:\/\/www.facebook.com\/SWLSB"]},{"@type":"Person","@id":"https:\/\/www.swlauriersb.qc.ca\/fr\/#\/schema\/person\/eb63a6b0f25d129f62f8bd235b9cfe93","name":"Maxeen","image":{"@type":"ImageObject","inLanguage":"fr-FR","@id":"https:\/\/www.swlauriersb.qc.ca\/fr\/#\/schema\/person\/image\/","url":"https:\/\/secure.gravatar.com\/avatar\/6bb3e6608221514c13d7a308509d17a87c9d6933e3e39607462678c897762b6b?s=96&d=mm&r=g","contentUrl":"https:\/\/secure.gravatar.com\/avatar\/6bb3e6608221514c13d7a308509d17a87c9d6933e3e39607462678c897762b6b?s=96&d=mm&r=g","caption":"Maxeen"}}]}},"cat_stringed":"Communiqu\u00e9s de presse","fimg_url":{"blog":"https:\/\/www.swlauriersb.qc.ca\/wp-content\/uploads\/2023\/09\/mas-tu-vu-picture-bus-safetyvgp-2658-vincent-girard-lr-800x1200.jpg"},"_links":{"self":[{"href":"https:\/\/www.swlauriersb.qc.ca\/fr\/wp-json\/wp\/v2\/posts\/14195","targetHints":{"allow":["GET"]}}],"collection":[{"href":"https:\/\/www.swlauriersb.qc.ca\/fr\/wp-json\/wp\/v2\/posts"}],"about":[{"href":"https:\/\/www.swlauriersb.qc.ca\/fr\/wp-json\/wp\/v2\/types\/post"}],"author":[{"embeddable":true,"href":"https:\/\/www.swlauriersb.qc.ca\/fr\/wp-json\/wp\/v2\/users\/9"}],"replies":[{"embeddable":true,"href":"https:\/\/www.swlauriersb.qc.ca\/fr\/wp-json\/wp\/v2\/comments?post=14195"}],"version-history":[{"count":1,"href":"https:\/\/www.swlauriersb.qc.ca\/fr\/wp-json\/wp\/v2\/posts\/14195\/revisions"}],"predecessor-version":[{"id":14198,"href":"https:\/\/www.swlauriersb.qc.ca\/fr\/wp-json\/wp\/v2\/posts\/14195\/revisions\/14198"}],"wp:featuredmedia":[{"embeddable":true,"href":"https:\/\/www.swlauriersb.qc.ca\/fr\/wp-json\/wp\/v2\/media\/14190"}],"wp:attachment":[{"href":"https:\/\/www.swlauriersb.qc.ca\/fr\/wp-json\/wp\/v2\/media?parent=14195"}],"wp:term":[{"taxonomy":"category","embeddable":true,"href":"https:\/\/www.swlauriersb.qc.ca\/fr\/wp-json\/wp\/v2\/categories?post=14195"},{"taxonomy":"post_tag","embeddable":true,"href":"https:\/\/www.swlauriersb.qc.ca\/fr\/wp-json\/wp\/v2\/tags?post=14195"}],"curies":[{"name":"wp","href":"https:\/\/api.w.org\/{rel}","templated":true}]}}