
{"id":18556,"date":"2025-05-12T13:43:10","date_gmt":"2025-05-12T17:43:10","guid":{"rendered":"https:\/\/www.swlauriersb.qc.ca\/?p=18556"},"modified":"2025-10-09T15:24:36","modified_gmt":"2025-10-09T19:24:36","slug":"inauguration-dune-nouvelle-ecole-primaire-anglophone-a-saint-lin-laurentides","status":"publish","type":"post","link":"https:\/\/www.swlauriersb.qc.ca\/fr\/inauguration-dune-nouvelle-ecole-primaire-anglophone-a-saint-lin-laurentides\/","title":{"rendered":"Inauguration d\u2019une nouvelle \u00e9cole primaire anglophone \u00e0 Saint-Lin-Laurentides"},"content":{"rendered":"","protected":false},"excerpt":{"rendered":"","protected":false},"author":9,"featured_media":18560,"comment_status":"closed","ping_status":"open","sticky":false,"template":"","format":"standard","meta":{"_acf_changed":false,"_uf_show_specific_survey":0,"_uf_disable_surveys":false,"footnotes":""},"categories":[54],"tags":[],"class_list":["post-18556","post","type-post","status-publish","format-standard","has-post-thumbnail","hentry","category-communique-de-presse"],"acf":[],"yoast_head":"<!-- This site is optimized with the Yoast SEO plugin v27.0 - https:\/\/yoast.com\/product\/yoast-seo-wordpress\/ -->\n<title>Inauguration d\u2019une nouvelle \u00e9cole primaire anglophone \u00e0 Saint-Lin-Laurentides - Sir-Wilfrid-Laurier<\/title>\n<meta name=\"robots\" content=\"index, follow, max-snippet:-1, max-image-preview:large, max-video-preview:-1\" \/>\n<link rel=\"canonical\" href=\"https:\/\/www.swlauriersb.qc.ca\/fr\/inauguration-dune-nouvelle-ecole-primaire-anglophone-a-saint-lin-laurentides\/\" \/>\n<meta property=\"og:locale\" content=\"fr_FR\" \/>\n<meta property=\"og:type\" content=\"article\" \/>\n<meta property=\"og:title\" content=\"Inauguration d\u2019une nouvelle \u00e9cole primaire anglophone \u00e0 Saint-Lin-Laurentides - Sir-Wilfrid-Laurier\" \/>\n<meta property=\"og:url\" content=\"https:\/\/www.swlauriersb.qc.ca\/fr\/inauguration-dune-nouvelle-ecole-primaire-anglophone-a-saint-lin-laurentides\/\" \/>\n<meta property=\"og:site_name\" content=\"Sir-Wilfrid-Laurier\" \/>\n<meta property=\"article:publisher\" content=\"https:\/\/www.facebook.com\/SWLSB\" \/>\n<meta property=\"article:published_time\" content=\"2025-05-12T17:43:10+00:00\" \/>\n<meta property=\"article:modified_time\" content=\"2025-10-09T19:24:36+00:00\" \/>\n<meta property=\"og:image\" content=\"https:\/\/www.swlauriersb.qc.ca\/wp-content\/uploads\/2025\/05\/img-9879-scaled.jpeg\" \/>\n\t<meta property=\"og:image:width\" content=\"2560\" \/>\n\t<meta property=\"og:image:height\" content=\"1440\" \/>\n\t<meta property=\"og:image:type\" content=\"image\/jpeg\" \/>\n<meta name=\"author\" content=\"Maxeen\" \/>\n<meta name=\"twitter:card\" content=\"summary_large_image\" \/>\n<meta name=\"twitter:label1\" content=\"\u00c9crit par\" \/>\n\t<meta name=\"twitter:data1\" content=\"Maxeen\" \/>\n\t<meta name=\"twitter:label2\" content=\"Dur\u00e9e de lecture estim\u00e9e\" \/>\n\t<meta name=\"twitter:data2\" content=\"1 minute\" \/>\n<script type=\"application\/ld+json\" class=\"yoast-schema-graph\">{\"@context\":\"https:\/\/schema.org\",\"@graph\":[{\"@type\":\"Article\",\"@id\":\"https:\/\/www.swlauriersb.qc.ca\/fr\/inauguration-dune-nouvelle-ecole-primaire-anglophone-a-saint-lin-laurentides\/#article\",\"isPartOf\":{\"@id\":\"https:\/\/www.swlauriersb.qc.ca\/fr\/inauguration-dune-nouvelle-ecole-primaire-anglophone-a-saint-lin-laurentides\/\"},\"author\":{\"name\":\"Maxeen\",\"@id\":\"https:\/\/www.swlauriersb.qc.ca\/fr\/#\/schema\/person\/eb63a6b0f25d129f62f8bd235b9cfe93\"},\"headline\":\"Inauguration d\u2019une nouvelle \u00e9cole primaire anglophone \u00e0 Saint-Lin-Laurentides\",\"datePublished\":\"2025-05-12T17:43:10+00:00\",\"dateModified\":\"2025-10-09T19:24:36+00:00\",\"mainEntityOfPage\":{\"@id\":\"https:\/\/www.swlauriersb.qc.ca\/fr\/inauguration-dune-nouvelle-ecole-primaire-anglophone-a-saint-lin-laurentides\/\"},\"wordCount\":8,\"publisher\":{\"@id\":\"https:\/\/www.swlauriersb.qc.ca\/fr\/#organization\"},\"image\":{\"@id\":\"https:\/\/www.swlauriersb.qc.ca\/fr\/inauguration-dune-nouvelle-ecole-primaire-anglophone-a-saint-lin-laurentides\/#primaryimage\"},\"thumbnailUrl\":\"https:\/\/www.swlauriersb.qc.ca\/wp-content\/uploads\/2025\/05\/img-9879-scaled.jpeg\",\"articleSection\":[\"Communiqu\u00e9s de presse\"],\"inLanguage\":\"fr-FR\"},{\"@type\":\"WebPage\",\"@id\":\"https:\/\/www.swlauriersb.qc.ca\/fr\/inauguration-dune-nouvelle-ecole-primaire-anglophone-a-saint-lin-laurentides\/\",\"url\":\"https:\/\/www.swlauriersb.qc.ca\/fr\/inauguration-dune-nouvelle-ecole-primaire-anglophone-a-saint-lin-laurentides\/\",\"name\":\"Inauguration d\u2019une nouvelle \u00e9cole primaire anglophone \u00e0 Saint-Lin-Laurentides - Sir-Wilfrid-Laurier\",\"isPartOf\":{\"@id\":\"https:\/\/www.swlauriersb.qc.ca\/fr\/#website\"},\"primaryImageOfPage\":{\"@id\":\"https:\/\/www.swlauriersb.qc.ca\/fr\/inauguration-dune-nouvelle-ecole-primaire-anglophone-a-saint-lin-laurentides\/#primaryimage\"},\"image\":{\"@id\":\"https:\/\/www.swlauriersb.qc.ca\/fr\/inauguration-dune-nouvelle-ecole-primaire-anglophone-a-saint-lin-laurentides\/#primaryimage\"},\"thumbnailUrl\":\"https:\/\/www.swlauriersb.qc.ca\/wp-content\/uploads\/2025\/05\/img-9879-scaled.jpeg\",\"datePublished\":\"2025-05-12T17:43:10+00:00\",\"dateModified\":\"2025-10-09T19:24:36+00:00\",\"breadcrumb\":{\"@id\":\"https:\/\/www.swlauriersb.qc.ca\/fr\/inauguration-dune-nouvelle-ecole-primaire-anglophone-a-saint-lin-laurentides\/#breadcrumb\"},\"inLanguage\":\"fr-FR\",\"potentialAction\":[{\"@type\":\"ReadAction\",\"target\":[\"https:\/\/www.swlauriersb.qc.ca\/fr\/inauguration-dune-nouvelle-ecole-primaire-anglophone-a-saint-lin-laurentides\/\"]}]},{\"@type\":\"ImageObject\",\"inLanguage\":\"fr-FR\",\"@id\":\"https:\/\/www.swlauriersb.qc.ca\/fr\/inauguration-dune-nouvelle-ecole-primaire-anglophone-a-saint-lin-laurentides\/#primaryimage\",\"url\":\"https:\/\/www.swlauriersb.qc.ca\/wp-content\/uploads\/2025\/05\/img-9879-scaled.jpeg\",\"contentUrl\":\"https:\/\/www.swlauriersb.qc.ca\/wp-content\/uploads\/2025\/05\/img-9879-scaled.jpeg\",\"width\":2560,\"height\":1440},{\"@type\":\"BreadcrumbList\",\"@id\":\"https:\/\/www.swlauriersb.qc.ca\/fr\/inauguration-dune-nouvelle-ecole-primaire-anglophone-a-saint-lin-laurentides\/#breadcrumb\",\"itemListElement\":[{\"@type\":\"ListItem\",\"position\":1,\"name\":\"\",\"item\":\"https:\/\/www.swlauriersb.qc.ca\/fr\/\"},{\"@type\":\"ListItem\",\"position\":2,\"name\":\"Inauguration d\u2019une nouvelle \u00e9cole primaire anglophone \u00e0 Saint-Lin-Laurentides\"}]},{\"@type\":\"WebSite\",\"@id\":\"https:\/\/www.swlauriersb.qc.ca\/fr\/#website\",\"url\":\"https:\/\/www.swlauriersb.qc.ca\/fr\/\",\"name\":\"Sir-Wilfrid-Laurier School Board\",\"description\":\"Quebec English School board serving regions of Laval, Laurentides and Lanaudi\u00e8re\",\"publisher\":{\"@id\":\"https:\/\/www.swlauriersb.qc.ca\/fr\/#organization\"},\"potentialAction\":[{\"@type\":\"SearchAction\",\"target\":{\"@type\":\"EntryPoint\",\"urlTemplate\":\"https:\/\/www.swlauriersb.qc.ca\/fr\/?s={search_term_string}\"},\"query-input\":{\"@type\":\"PropertyValueSpecification\",\"valueRequired\":true,\"valueName\":\"search_term_string\"}}],\"inLanguage\":\"fr-FR\"},{\"@type\":\"Organization\",\"@id\":\"https:\/\/www.swlauriersb.qc.ca\/fr\/#organization\",\"name\":\"Sir-Wilfrid-Laurier\",\"url\":\"https:\/\/www.swlauriersb.qc.ca\/fr\/\",\"logo\":{\"@type\":\"ImageObject\",\"inLanguage\":\"fr-FR\",\"@id\":\"https:\/\/www.swlauriersb.qc.ca\/fr\/#\/schema\/logo\/image\/\",\"url\":\"https:\/\/www.swlauriersb.qc.ca\/wp-content\/uploads\/2024\/08\/128x128-logo.jpg\",\"contentUrl\":\"https:\/\/www.swlauriersb.qc.ca\/wp-content\/uploads\/2024\/08\/128x128-logo.jpg\",\"width\":356,\"height\":356,\"caption\":\"Sir-Wilfrid-Laurier\"},\"image\":{\"@id\":\"https:\/\/www.swlauriersb.qc.ca\/fr\/#\/schema\/logo\/image\/\"},\"sameAs\":[\"https:\/\/www.facebook.com\/SWLSB\"]},{\"@type\":\"Person\",\"@id\":\"https:\/\/www.swlauriersb.qc.ca\/fr\/#\/schema\/person\/eb63a6b0f25d129f62f8bd235b9cfe93\",\"name\":\"Maxeen\",\"image\":{\"@type\":\"ImageObject\",\"inLanguage\":\"fr-FR\",\"@id\":\"https:\/\/www.swlauriersb.qc.ca\/fr\/#\/schema\/person\/image\/\",\"url\":\"https:\/\/secure.gravatar.com\/avatar\/6bb3e6608221514c13d7a308509d17a87c9d6933e3e39607462678c897762b6b?s=96&d=mm&r=g\",\"contentUrl\":\"https:\/\/secure.gravatar.com\/avatar\/6bb3e6608221514c13d7a308509d17a87c9d6933e3e39607462678c897762b6b?s=96&d=mm&r=g\",\"caption\":\"Maxeen\"}}]}<\/script>\n<!-- \/ Yoast SEO plugin. -->","yoast_head_json":{"title":"Inauguration d\u2019une nouvelle \u00e9cole primaire anglophone \u00e0 Saint-Lin-Laurentides - Sir-Wilfrid-Laurier","robots":{"index":"index","follow":"follow","max-snippet":"max-snippet:-1","max-image-preview":"max-image-preview:large","max-video-preview":"max-video-preview:-1"},"canonical":"https:\/\/www.swlauriersb.qc.ca\/fr\/inauguration-dune-nouvelle-ecole-primaire-anglophone-a-saint-lin-laurentides\/","og_locale":"fr_FR","og_type":"article","og_title":"Inauguration d\u2019une nouvelle \u00e9cole primaire anglophone \u00e0 Saint-Lin-Laurentides - Sir-Wilfrid-Laurier","og_url":"https:\/\/www.swlauriersb.qc.ca\/fr\/inauguration-dune-nouvelle-ecole-primaire-anglophone-a-saint-lin-laurentides\/","og_site_name":"Sir-Wilfrid-Laurier","article_publisher":"https:\/\/www.facebook.com\/SWLSB","article_published_time":"2025-05-12T17:43:10+00:00","article_modified_time":"2025-10-09T19:24:36+00:00","og_image":[{"width":2560,"height":1440,"url":"https:\/\/www.swlauriersb.qc.ca\/wp-content\/uploads\/2025\/05\/img-9879-scaled.jpeg","type":"image\/jpeg"}],"author":"Maxeen","twitter_card":"summary_large_image","twitter_misc":{"\u00c9crit par":"Maxeen","Dur\u00e9e de lecture estim\u00e9e":"1 minute"},"schema":{"@context":"https:\/\/schema.org","@graph":[{"@type":"Article","@id":"https:\/\/www.swlauriersb.qc.ca\/fr\/inauguration-dune-nouvelle-ecole-primaire-anglophone-a-saint-lin-laurentides\/#article","isPartOf":{"@id":"https:\/\/www.swlauriersb.qc.ca\/fr\/inauguration-dune-nouvelle-ecole-primaire-anglophone-a-saint-lin-laurentides\/"},"author":{"name":"Maxeen","@id":"https:\/\/www.swlauriersb.qc.ca\/fr\/#\/schema\/person\/eb63a6b0f25d129f62f8bd235b9cfe93"},"headline":"Inauguration d\u2019une nouvelle \u00e9cole primaire anglophone \u00e0 Saint-Lin-Laurentides","datePublished":"2025-05-12T17:43:10+00:00","dateModified":"2025-10-09T19:24:36+00:00","mainEntityOfPage":{"@id":"https:\/\/www.swlauriersb.qc.ca\/fr\/inauguration-dune-nouvelle-ecole-primaire-anglophone-a-saint-lin-laurentides\/"},"wordCount":8,"publisher":{"@id":"https:\/\/www.swlauriersb.qc.ca\/fr\/#organization"},"image":{"@id":"https:\/\/www.swlauriersb.qc.ca\/fr\/inauguration-dune-nouvelle-ecole-primaire-anglophone-a-saint-lin-laurentides\/#primaryimage"},"thumbnailUrl":"https:\/\/www.swlauriersb.qc.ca\/wp-content\/uploads\/2025\/05\/img-9879-scaled.jpeg","articleSection":["Communiqu\u00e9s de presse"],"inLanguage":"fr-FR"},{"@type":"WebPage","@id":"https:\/\/www.swlauriersb.qc.ca\/fr\/inauguration-dune-nouvelle-ecole-primaire-anglophone-a-saint-lin-laurentides\/","url":"https:\/\/www.swlauriersb.qc.ca\/fr\/inauguration-dune-nouvelle-ecole-primaire-anglophone-a-saint-lin-laurentides\/","name":"Inauguration d\u2019une nouvelle \u00e9cole primaire anglophone \u00e0 Saint-Lin-Laurentides - Sir-Wilfrid-Laurier","isPartOf":{"@id":"https:\/\/www.swlauriersb.qc.ca\/fr\/#website"},"primaryImageOfPage":{"@id":"https:\/\/www.swlauriersb.qc.ca\/fr\/inauguration-dune-nouvelle-ecole-primaire-anglophone-a-saint-lin-laurentides\/#primaryimage"},"image":{"@id":"https:\/\/www.swlauriersb.qc.ca\/fr\/inauguration-dune-nouvelle-ecole-primaire-anglophone-a-saint-lin-laurentides\/#primaryimage"},"thumbnailUrl":"https:\/\/www.swlauriersb.qc.ca\/wp-content\/uploads\/2025\/05\/img-9879-scaled.jpeg","datePublished":"2025-05-12T17:43:10+00:00","dateModified":"2025-10-09T19:24:36+00:00","breadcrumb":{"@id":"https:\/\/www.swlauriersb.qc.ca\/fr\/inauguration-dune-nouvelle-ecole-primaire-anglophone-a-saint-lin-laurentides\/#breadcrumb"},"inLanguage":"fr-FR","potentialAction":[{"@type":"ReadAction","target":["https:\/\/www.swlauriersb.qc.ca\/fr\/inauguration-dune-nouvelle-ecole-primaire-anglophone-a-saint-lin-laurentides\/"]}]},{"@type":"ImageObject","inLanguage":"fr-FR","@id":"https:\/\/www.swlauriersb.qc.ca\/fr\/inauguration-dune-nouvelle-ecole-primaire-anglophone-a-saint-lin-laurentides\/#primaryimage","url":"https:\/\/www.swlauriersb.qc.ca\/wp-content\/uploads\/2025\/05\/img-9879-scaled.jpeg","contentUrl":"https:\/\/www.swlauriersb.qc.ca\/wp-content\/uploads\/2025\/05\/img-9879-scaled.jpeg","width":2560,"height":1440},{"@type":"BreadcrumbList","@id":"https:\/\/www.swlauriersb.qc.ca\/fr\/inauguration-dune-nouvelle-ecole-primaire-anglophone-a-saint-lin-laurentides\/#breadcrumb","itemListElement":[{"@type":"ListItem","position":1,"name":"","item":"https:\/\/www.swlauriersb.qc.ca\/fr\/"},{"@type":"ListItem","position":2,"name":"Inauguration d\u2019une nouvelle \u00e9cole primaire anglophone \u00e0 Saint-Lin-Laurentides"}]},{"@type":"WebSite","@id":"https:\/\/www.swlauriersb.qc.ca\/fr\/#website","url":"https:\/\/www.swlauriersb.qc.ca\/fr\/","name":"Sir-Wilfrid-Laurier School Board","description":"Quebec English School board serving regions of Laval, Laurentides and Lanaudi\u00e8re","publisher":{"@id":"https:\/\/www.swlauriersb.qc.ca\/fr\/#organization"},"potentialAction":[{"@type":"SearchAction","target":{"@type":"EntryPoint","urlTemplate":"https:\/\/www.swlauriersb.qc.ca\/fr\/?s={search_term_string}"},"query-input":{"@type":"PropertyValueSpecification","valueRequired":true,"valueName":"search_term_string"}}],"inLanguage":"fr-FR"},{"@type":"Organization","@id":"https:\/\/www.swlauriersb.qc.ca\/fr\/#organization","name":"Sir-Wilfrid-Laurier","url":"https:\/\/www.swlauriersb.qc.ca\/fr\/","logo":{"@type":"ImageObject","inLanguage":"fr-FR","@id":"https:\/\/www.swlauriersb.qc.ca\/fr\/#\/schema\/logo\/image\/","url":"https:\/\/www.swlauriersb.qc.ca\/wp-content\/uploads\/2024\/08\/128x128-logo.jpg","contentUrl":"https:\/\/www.swlauriersb.qc.ca\/wp-content\/uploads\/2024\/08\/128x128-logo.jpg","width":356,"height":356,"caption":"Sir-Wilfrid-Laurier"},"image":{"@id":"https:\/\/www.swlauriersb.qc.ca\/fr\/#\/schema\/logo\/image\/"},"sameAs":["https:\/\/www.facebook.com\/SWLSB"]},{"@type":"Person","@id":"https:\/\/www.swlauriersb.qc.ca\/fr\/#\/schema\/person\/eb63a6b0f25d129f62f8bd235b9cfe93","name":"Maxeen","image":{"@type":"ImageObject","inLanguage":"fr-FR","@id":"https:\/\/www.swlauriersb.qc.ca\/fr\/#\/schema\/person\/image\/","url":"https:\/\/secure.gravatar.com\/avatar\/6bb3e6608221514c13d7a308509d17a87c9d6933e3e39607462678c897762b6b?s=96&d=mm&r=g","contentUrl":"https:\/\/secure.gravatar.com\/avatar\/6bb3e6608221514c13d7a308509d17a87c9d6933e3e39607462678c897762b6b?s=96&d=mm&r=g","caption":"Maxeen"}}]}},"cat_stringed":"Communiqu\u00e9s de presse","fimg_url":{"blog":"https:\/\/www.swlauriersb.qc.ca\/wp-content\/uploads\/2025\/05\/img-9879-800x1200.jpeg"},"_links":{"self":[{"href":"https:\/\/www.swlauriersb.qc.ca\/fr\/wp-json\/wp\/v2\/posts\/18556","targetHints":{"allow":["GET"]}}],"collection":[{"href":"https:\/\/www.swlauriersb.qc.ca\/fr\/wp-json\/wp\/v2\/posts"}],"about":[{"href":"https:\/\/www.swlauriersb.qc.ca\/fr\/wp-json\/wp\/v2\/types\/post"}],"author":[{"embeddable":true,"href":"https:\/\/www.swlauriersb.qc.ca\/fr\/wp-json\/wp\/v2\/users\/9"}],"replies":[{"embeddable":true,"href":"https:\/\/www.swlauriersb.qc.ca\/fr\/wp-json\/wp\/v2\/comments?post=18556"}],"version-history":[{"count":2,"href":"https:\/\/www.swlauriersb.qc.ca\/fr\/wp-json\/wp\/v2\/posts\/18556\/revisions"}],"predecessor-version":[{"id":18562,"href":"https:\/\/www.swlauriersb.qc.ca\/fr\/wp-json\/wp\/v2\/posts\/18556\/revisions\/18562"}],"wp:featuredmedia":[{"embeddable":true,"href":"https:\/\/www.swlauriersb.qc.ca\/fr\/wp-json\/wp\/v2\/media\/18560"}],"wp:attachment":[{"href":"https:\/\/www.swlauriersb.qc.ca\/fr\/wp-json\/wp\/v2\/media?parent=18556"}],"wp:term":[{"taxonomy":"category","embeddable":true,"href":"https:\/\/www.swlauriersb.qc.ca\/fr\/wp-json\/wp\/v2\/categories?post=18556"},{"taxonomy":"post_tag","embeddable":true,"href":"https:\/\/www.swlauriersb.qc.ca\/fr\/wp-json\/wp\/v2\/tags?post=18556"}],"curies":[{"name":"wp","href":"https:\/\/api.w.org\/{rel}","templated":true}]}}