
{"id":18774,"date":"2025-06-26T15:40:54","date_gmt":"2025-06-26T19:40:54","guid":{"rendered":"https:\/\/www.swlauriersb.qc.ca\/?p=18774"},"modified":"2025-06-26T15:45:12","modified_gmt":"2025-06-26T19:45:12","slug":"la-csswl-condamne-les-compressions-de-570-m-en-education","status":"publish","type":"post","link":"https:\/\/www.swlauriersb.qc.ca\/fr\/la-csswl-condamne-les-compressions-de-570-m-en-education\/","title":{"rendered":"La CSSWL condamne les compressions de 570\u00a0M$ en \u00e9ducation\u00a0"},"content":{"rendered":"\n<p><strong>\u00ab\u00a0Les \u00e9l\u00e8ves ne devraient pas faire les frais de la mauvaise gestion du gouvernement\u00a0\u00bb, d\u00e9clare le pr\u00e9sident James Di Sano<\/strong><\/p>\n\n\n\n<p><strong>Rosem\u00e8re, 26 juin&nbsp;2025<\/strong> \u2014 Le conseil des commissaires a officiellement adopt\u00e9 une r\u00e9solution condamnant les compressions de 570&nbsp;millions de dollars impos\u00e9es au r\u00e9seau public de l\u2019\u00e9ducation par le gouvernement du Qu\u00e9bec, pr\u00e9venant que la mesure nuira directement aux \u00e9l\u00e8ves et au personnel, tout en sapant les fondements m\u00eames du syst\u00e8me de l\u2019\u00e9ducation publique au Qu\u00e9bec.<\/p>\n\n\n\n<p>\u00ab&nbsp;Il ne s\u2019agit pas que de chiffres sur un bilan comptable. Ces montants repr\u00e9sentent du personnel de premi\u00e8re ligne, du soutien direct en classe, des ressources pour les besoins particuliers et la sant\u00e9 mentale, et ultimement, la r\u00e9ussite des \u00e9l\u00e8ves&nbsp;\u00bb, pr\u00e9cise James Di Sano, lui-m\u00eame un fier dipl\u00f4m\u00e9 de la Commission scolaire Sir-Wilfrid-Laurier.<\/p>\n\n\n\n<p>\u00ab&nbsp;J\u2019ai pr\u00eat\u00e9 serment envers ma commission scolaire et envers les \u00e9l\u00e8ves et les parties prenantes que nous desservons. Je refuse de nuire \u00e0 l\u2019\u00e9ducation de nos \u00e9l\u00e8ves. Je refuse de leur faire payer le prix de la mauvaise gestion des fonds publics par le gouvernement provincial.&nbsp;\u00bb<\/p>\n\n\n\n<p>La r\u00e9solution, propos\u00e9e par le pr\u00e9sident Di Sano, d\u00e9nonce les compressions qu\u2019il juge \u00ab&nbsp;pr\u00e9judiciables, inexcusables, et en contradiction directe avec l\u2019objectif d\u00e9clar\u00e9 de pr\u00e9server les services aux \u00e9l\u00e8ves&nbsp;\u00bb, et il r\u00e9clame qu\u2019elles soient annul\u00e9es imm\u00e9diatement.<\/p>\n\n\n\n<p>\u00ab&nbsp;On nous dit de faire plus avec moins de ressources, alors que les personnes au pouvoir s\u2019octroient des r\u00e9compenses&nbsp;\u00bb, indique le pr\u00e9sident James Di Sano. \u00ab&nbsp;Ce n\u2019est pas faire preuve de leadership. C\u2019est trahir la confiance du public, et ce sont nos \u00e9l\u00e8ves, particuli\u00e8rement les \u00e9l\u00e8ves ayant besoin de soutien suppl\u00e9mentaire, qui en feront les frais.&nbsp;\u00bb<\/p>\n\n\n\n<p>Le conseil des commissaires a r\u00e9affirm\u00e9 son engagement envers l\u2019\u00e9ducation centr\u00e9e sur l\u2019\u00e9l\u00e8ve et a promis de continuer \u00e0 d\u00e9fendre la transparence, l\u2019\u00e9quit\u00e9 et l\u2019investissement responsable dans les \u00e9coles publiques du Qu\u00e9bec.<\/p>\n\n\n\n<p>Comptant plus de 2&nbsp;000&nbsp;membres du personnel et affichant un taux de diplomation de 87,4&nbsp;%, la Commission scolaire Sir-Wilfrid-Laurier est la troisi\u00e8me commission scolaire anglophone en importance au Qu\u00e9bec. Son territoire comprend les r\u00e9gions de Laval, des Laurentides et de Lanaudi\u00e8re. Elle offre des services d\u2019\u00e9ducation pr\u00e9scolaire, d\u2019enseignement primaire et secondaire, d\u2019\u00e9ducation des adultes et de formation professionnelle \u00e0 plus de 14&nbsp;000&nbsp;\u00e9l\u00e8ves r\u00e9partis dans 36&nbsp;\u00e9coles et 4&nbsp;centres. Elle offre \u00e9galement un service aux entreprises.<\/p>\n\n\n\n<p class=\"has-text-align-center\"><strong>\u2013 30 \u2013<\/strong><\/p>\n\n\n\n<p>Source&nbsp;: Maxeen Jolin, Coordonnatrice des communications&nbsp;|&nbsp;Communications Coordinator<\/p>\n\n\n\n<p><a href=\"mailto:mjolin@swlauriersb.qc.ca\">mjolin@swlauriersb.qc.ca<\/a>, 450&nbsp;621-5600, poste&nbsp;1385<\/p>\n\n\n\n<p><\/p>\n","protected":false},"excerpt":{"rendered":"<p>\u00ab\u00a0Les \u00e9l\u00e8ves ne devraient pas faire les frais de la mauvaise gestion du gouvernement\u00a0\u00bb, d\u00e9clare le pr\u00e9sident James Di Sano Rosem\u00e8re, 26 juin&nbsp;2025 \u2014 Le conseil des commissaires a officiellement adopt\u00e9 une r\u00e9solution condamnant les compressions de 570&nbsp;millions de dollars impos\u00e9es au r\u00e9seau public de l\u2019\u00e9ducation par le gouvernement du Qu\u00e9bec, pr\u00e9venant que la mesure [&hellip;]<\/p>\n","protected":false},"author":9,"featured_media":0,"comment_status":"closed","ping_status":"open","sticky":false,"template":"","format":"standard","meta":{"_acf_changed":false,"_uf_show_specific_survey":0,"_uf_disable_surveys":false,"footnotes":""},"categories":[54],"tags":[],"class_list":["post-18774","post","type-post","status-publish","format-standard","hentry","category-communique-de-presse"],"acf":[],"yoast_head":"<!-- This site is optimized with the Yoast SEO plugin v27.0 - https:\/\/yoast.com\/product\/yoast-seo-wordpress\/ -->\n<title>La CSSWL condamne les compressions de 570\u00a0M$ en \u00e9ducation\u00a0 - Sir-Wilfrid-Laurier<\/title>\n<meta name=\"robots\" content=\"index, follow, max-snippet:-1, max-image-preview:large, max-video-preview:-1\" \/>\n<link rel=\"canonical\" href=\"https:\/\/www.swlauriersb.qc.ca\/fr\/la-csswl-condamne-les-compressions-de-570-m-en-education\/\" \/>\n<meta property=\"og:locale\" content=\"fr_FR\" \/>\n<meta property=\"og:type\" content=\"article\" \/>\n<meta property=\"og:title\" content=\"La CSSWL condamne les compressions de 570\u00a0M$ en \u00e9ducation\u00a0 - Sir-Wilfrid-Laurier\" \/>\n<meta property=\"og:description\" content=\"\u00ab\u00a0Les \u00e9l\u00e8ves ne devraient pas faire les frais de la mauvaise gestion du gouvernement\u00a0\u00bb, d\u00e9clare le pr\u00e9sident James Di Sano Rosem\u00e8re, 26 juin&nbsp;2025 \u2014 Le conseil des commissaires a officiellement adopt\u00e9 une r\u00e9solution condamnant les compressions de 570&nbsp;millions de dollars impos\u00e9es au r\u00e9seau public de l\u2019\u00e9ducation par le gouvernement du Qu\u00e9bec, pr\u00e9venant que la mesure [&hellip;]\" \/>\n<meta property=\"og:url\" content=\"https:\/\/www.swlauriersb.qc.ca\/fr\/la-csswl-condamne-les-compressions-de-570-m-en-education\/\" \/>\n<meta property=\"og:site_name\" content=\"Sir-Wilfrid-Laurier\" \/>\n<meta property=\"article:publisher\" content=\"https:\/\/www.facebook.com\/SWLSB\" \/>\n<meta property=\"article:published_time\" content=\"2025-06-26T19:40:54+00:00\" \/>\n<meta property=\"article:modified_time\" content=\"2025-06-26T19:45:12+00:00\" \/>\n<meta name=\"author\" content=\"Maxeen\" \/>\n<meta name=\"twitter:card\" content=\"summary_large_image\" \/>\n<meta name=\"twitter:label1\" content=\"\u00c9crit par\" \/>\n\t<meta name=\"twitter:data1\" content=\"Maxeen\" \/>\n\t<meta name=\"twitter:label2\" content=\"Dur\u00e9e de lecture estim\u00e9e\" \/>\n\t<meta name=\"twitter:data2\" content=\"2 minutes\" \/>\n<script type=\"application\/ld+json\" class=\"yoast-schema-graph\">{\"@context\":\"https:\/\/schema.org\",\"@graph\":[{\"@type\":\"Article\",\"@id\":\"https:\/\/www.swlauriersb.qc.ca\/fr\/la-csswl-condamne-les-compressions-de-570-m-en-education\/#article\",\"isPartOf\":{\"@id\":\"https:\/\/www.swlauriersb.qc.ca\/fr\/la-csswl-condamne-les-compressions-de-570-m-en-education\/\"},\"author\":{\"name\":\"Maxeen\",\"@id\":\"https:\/\/www.swlauriersb.qc.ca\/fr\/#\/schema\/person\/eb63a6b0f25d129f62f8bd235b9cfe93\"},\"headline\":\"La CSSWL condamne les compressions de 570\u00a0M$ en \u00e9ducation\u00a0\",\"datePublished\":\"2025-06-26T19:40:54+00:00\",\"dateModified\":\"2025-06-26T19:45:12+00:00\",\"mainEntityOfPage\":{\"@id\":\"https:\/\/www.swlauriersb.qc.ca\/fr\/la-csswl-condamne-les-compressions-de-570-m-en-education\/\"},\"wordCount\":481,\"publisher\":{\"@id\":\"https:\/\/www.swlauriersb.qc.ca\/fr\/#organization\"},\"articleSection\":[\"Communiqu\u00e9s de presse\"],\"inLanguage\":\"fr-FR\"},{\"@type\":\"WebPage\",\"@id\":\"https:\/\/www.swlauriersb.qc.ca\/fr\/la-csswl-condamne-les-compressions-de-570-m-en-education\/\",\"url\":\"https:\/\/www.swlauriersb.qc.ca\/fr\/la-csswl-condamne-les-compressions-de-570-m-en-education\/\",\"name\":\"La CSSWL condamne les compressions de 570\u00a0M$ en \u00e9ducation\u00a0 - Sir-Wilfrid-Laurier\",\"isPartOf\":{\"@id\":\"https:\/\/www.swlauriersb.qc.ca\/fr\/#website\"},\"datePublished\":\"2025-06-26T19:40:54+00:00\",\"dateModified\":\"2025-06-26T19:45:12+00:00\",\"breadcrumb\":{\"@id\":\"https:\/\/www.swlauriersb.qc.ca\/fr\/la-csswl-condamne-les-compressions-de-570-m-en-education\/#breadcrumb\"},\"inLanguage\":\"fr-FR\",\"potentialAction\":[{\"@type\":\"ReadAction\",\"target\":[\"https:\/\/www.swlauriersb.qc.ca\/fr\/la-csswl-condamne-les-compressions-de-570-m-en-education\/\"]}]},{\"@type\":\"BreadcrumbList\",\"@id\":\"https:\/\/www.swlauriersb.qc.ca\/fr\/la-csswl-condamne-les-compressions-de-570-m-en-education\/#breadcrumb\",\"itemListElement\":[{\"@type\":\"ListItem\",\"position\":1,\"name\":\"\",\"item\":\"https:\/\/www.swlauriersb.qc.ca\/fr\/\"},{\"@type\":\"ListItem\",\"position\":2,\"name\":\"La CSSWL condamne les compressions de 570\u00a0M$ en \u00e9ducation\u00a0\"}]},{\"@type\":\"WebSite\",\"@id\":\"https:\/\/www.swlauriersb.qc.ca\/fr\/#website\",\"url\":\"https:\/\/www.swlauriersb.qc.ca\/fr\/\",\"name\":\"Sir-Wilfrid-Laurier School Board\",\"description\":\"Quebec English School board serving regions of Laval, Laurentides and Lanaudi\u00e8re\",\"publisher\":{\"@id\":\"https:\/\/www.swlauriersb.qc.ca\/fr\/#organization\"},\"potentialAction\":[{\"@type\":\"SearchAction\",\"target\":{\"@type\":\"EntryPoint\",\"urlTemplate\":\"https:\/\/www.swlauriersb.qc.ca\/fr\/?s={search_term_string}\"},\"query-input\":{\"@type\":\"PropertyValueSpecification\",\"valueRequired\":true,\"valueName\":\"search_term_string\"}}],\"inLanguage\":\"fr-FR\"},{\"@type\":\"Organization\",\"@id\":\"https:\/\/www.swlauriersb.qc.ca\/fr\/#organization\",\"name\":\"Sir-Wilfrid-Laurier\",\"url\":\"https:\/\/www.swlauriersb.qc.ca\/fr\/\",\"logo\":{\"@type\":\"ImageObject\",\"inLanguage\":\"fr-FR\",\"@id\":\"https:\/\/www.swlauriersb.qc.ca\/fr\/#\/schema\/logo\/image\/\",\"url\":\"https:\/\/www.swlauriersb.qc.ca\/wp-content\/uploads\/2024\/08\/128x128-logo.jpg\",\"contentUrl\":\"https:\/\/www.swlauriersb.qc.ca\/wp-content\/uploads\/2024\/08\/128x128-logo.jpg\",\"width\":356,\"height\":356,\"caption\":\"Sir-Wilfrid-Laurier\"},\"image\":{\"@id\":\"https:\/\/www.swlauriersb.qc.ca\/fr\/#\/schema\/logo\/image\/\"},\"sameAs\":[\"https:\/\/www.facebook.com\/SWLSB\"]},{\"@type\":\"Person\",\"@id\":\"https:\/\/www.swlauriersb.qc.ca\/fr\/#\/schema\/person\/eb63a6b0f25d129f62f8bd235b9cfe93\",\"name\":\"Maxeen\",\"image\":{\"@type\":\"ImageObject\",\"inLanguage\":\"fr-FR\",\"@id\":\"https:\/\/www.swlauriersb.qc.ca\/fr\/#\/schema\/person\/image\/\",\"url\":\"https:\/\/secure.gravatar.com\/avatar\/6bb3e6608221514c13d7a308509d17a87c9d6933e3e39607462678c897762b6b?s=96&d=mm&r=g\",\"contentUrl\":\"https:\/\/secure.gravatar.com\/avatar\/6bb3e6608221514c13d7a308509d17a87c9d6933e3e39607462678c897762b6b?s=96&d=mm&r=g\",\"caption\":\"Maxeen\"}}]}<\/script>\n<!-- \/ Yoast SEO plugin. -->","yoast_head_json":{"title":"La CSSWL condamne les compressions de 570\u00a0M$ en \u00e9ducation\u00a0 - Sir-Wilfrid-Laurier","robots":{"index":"index","follow":"follow","max-snippet":"max-snippet:-1","max-image-preview":"max-image-preview:large","max-video-preview":"max-video-preview:-1"},"canonical":"https:\/\/www.swlauriersb.qc.ca\/fr\/la-csswl-condamne-les-compressions-de-570-m-en-education\/","og_locale":"fr_FR","og_type":"article","og_title":"La CSSWL condamne les compressions de 570\u00a0M$ en \u00e9ducation\u00a0 - Sir-Wilfrid-Laurier","og_description":"\u00ab\u00a0Les \u00e9l\u00e8ves ne devraient pas faire les frais de la mauvaise gestion du gouvernement\u00a0\u00bb, d\u00e9clare le pr\u00e9sident James Di Sano Rosem\u00e8re, 26 juin&nbsp;2025 \u2014 Le conseil des commissaires a officiellement adopt\u00e9 une r\u00e9solution condamnant les compressions de 570&nbsp;millions de dollars impos\u00e9es au r\u00e9seau public de l\u2019\u00e9ducation par le gouvernement du Qu\u00e9bec, pr\u00e9venant que la mesure [&hellip;]","og_url":"https:\/\/www.swlauriersb.qc.ca\/fr\/la-csswl-condamne-les-compressions-de-570-m-en-education\/","og_site_name":"Sir-Wilfrid-Laurier","article_publisher":"https:\/\/www.facebook.com\/SWLSB","article_published_time":"2025-06-26T19:40:54+00:00","article_modified_time":"2025-06-26T19:45:12+00:00","author":"Maxeen","twitter_card":"summary_large_image","twitter_misc":{"\u00c9crit par":"Maxeen","Dur\u00e9e de lecture estim\u00e9e":"2 minutes"},"schema":{"@context":"https:\/\/schema.org","@graph":[{"@type":"Article","@id":"https:\/\/www.swlauriersb.qc.ca\/fr\/la-csswl-condamne-les-compressions-de-570-m-en-education\/#article","isPartOf":{"@id":"https:\/\/www.swlauriersb.qc.ca\/fr\/la-csswl-condamne-les-compressions-de-570-m-en-education\/"},"author":{"name":"Maxeen","@id":"https:\/\/www.swlauriersb.qc.ca\/fr\/#\/schema\/person\/eb63a6b0f25d129f62f8bd235b9cfe93"},"headline":"La CSSWL condamne les compressions de 570\u00a0M$ en \u00e9ducation\u00a0","datePublished":"2025-06-26T19:40:54+00:00","dateModified":"2025-06-26T19:45:12+00:00","mainEntityOfPage":{"@id":"https:\/\/www.swlauriersb.qc.ca\/fr\/la-csswl-condamne-les-compressions-de-570-m-en-education\/"},"wordCount":481,"publisher":{"@id":"https:\/\/www.swlauriersb.qc.ca\/fr\/#organization"},"articleSection":["Communiqu\u00e9s de presse"],"inLanguage":"fr-FR"},{"@type":"WebPage","@id":"https:\/\/www.swlauriersb.qc.ca\/fr\/la-csswl-condamne-les-compressions-de-570-m-en-education\/","url":"https:\/\/www.swlauriersb.qc.ca\/fr\/la-csswl-condamne-les-compressions-de-570-m-en-education\/","name":"La CSSWL condamne les compressions de 570\u00a0M$ en \u00e9ducation\u00a0 - Sir-Wilfrid-Laurier","isPartOf":{"@id":"https:\/\/www.swlauriersb.qc.ca\/fr\/#website"},"datePublished":"2025-06-26T19:40:54+00:00","dateModified":"2025-06-26T19:45:12+00:00","breadcrumb":{"@id":"https:\/\/www.swlauriersb.qc.ca\/fr\/la-csswl-condamne-les-compressions-de-570-m-en-education\/#breadcrumb"},"inLanguage":"fr-FR","potentialAction":[{"@type":"ReadAction","target":["https:\/\/www.swlauriersb.qc.ca\/fr\/la-csswl-condamne-les-compressions-de-570-m-en-education\/"]}]},{"@type":"BreadcrumbList","@id":"https:\/\/www.swlauriersb.qc.ca\/fr\/la-csswl-condamne-les-compressions-de-570-m-en-education\/#breadcrumb","itemListElement":[{"@type":"ListItem","position":1,"name":"","item":"https:\/\/www.swlauriersb.qc.ca\/fr\/"},{"@type":"ListItem","position":2,"name":"La CSSWL condamne les compressions de 570\u00a0M$ en \u00e9ducation\u00a0"}]},{"@type":"WebSite","@id":"https:\/\/www.swlauriersb.qc.ca\/fr\/#website","url":"https:\/\/www.swlauriersb.qc.ca\/fr\/","name":"Sir-Wilfrid-Laurier School Board","description":"Quebec English School board serving regions of Laval, Laurentides and Lanaudi\u00e8re","publisher":{"@id":"https:\/\/www.swlauriersb.qc.ca\/fr\/#organization"},"potentialAction":[{"@type":"SearchAction","target":{"@type":"EntryPoint","urlTemplate":"https:\/\/www.swlauriersb.qc.ca\/fr\/?s={search_term_string}"},"query-input":{"@type":"PropertyValueSpecification","valueRequired":true,"valueName":"search_term_string"}}],"inLanguage":"fr-FR"},{"@type":"Organization","@id":"https:\/\/www.swlauriersb.qc.ca\/fr\/#organization","name":"Sir-Wilfrid-Laurier","url":"https:\/\/www.swlauriersb.qc.ca\/fr\/","logo":{"@type":"ImageObject","inLanguage":"fr-FR","@id":"https:\/\/www.swlauriersb.qc.ca\/fr\/#\/schema\/logo\/image\/","url":"https:\/\/www.swlauriersb.qc.ca\/wp-content\/uploads\/2024\/08\/128x128-logo.jpg","contentUrl":"https:\/\/www.swlauriersb.qc.ca\/wp-content\/uploads\/2024\/08\/128x128-logo.jpg","width":356,"height":356,"caption":"Sir-Wilfrid-Laurier"},"image":{"@id":"https:\/\/www.swlauriersb.qc.ca\/fr\/#\/schema\/logo\/image\/"},"sameAs":["https:\/\/www.facebook.com\/SWLSB"]},{"@type":"Person","@id":"https:\/\/www.swlauriersb.qc.ca\/fr\/#\/schema\/person\/eb63a6b0f25d129f62f8bd235b9cfe93","name":"Maxeen","image":{"@type":"ImageObject","inLanguage":"fr-FR","@id":"https:\/\/www.swlauriersb.qc.ca\/fr\/#\/schema\/person\/image\/","url":"https:\/\/secure.gravatar.com\/avatar\/6bb3e6608221514c13d7a308509d17a87c9d6933e3e39607462678c897762b6b?s=96&d=mm&r=g","contentUrl":"https:\/\/secure.gravatar.com\/avatar\/6bb3e6608221514c13d7a308509d17a87c9d6933e3e39607462678c897762b6b?s=96&d=mm&r=g","caption":"Maxeen"}}]}},"cat_stringed":"Communiqu\u00e9s de presse","fimg_url":false,"_links":{"self":[{"href":"https:\/\/www.swlauriersb.qc.ca\/fr\/wp-json\/wp\/v2\/posts\/18774","targetHints":{"allow":["GET"]}}],"collection":[{"href":"https:\/\/www.swlauriersb.qc.ca\/fr\/wp-json\/wp\/v2\/posts"}],"about":[{"href":"https:\/\/www.swlauriersb.qc.ca\/fr\/wp-json\/wp\/v2\/types\/post"}],"author":[{"embeddable":true,"href":"https:\/\/www.swlauriersb.qc.ca\/fr\/wp-json\/wp\/v2\/users\/9"}],"replies":[{"embeddable":true,"href":"https:\/\/www.swlauriersb.qc.ca\/fr\/wp-json\/wp\/v2\/comments?post=18774"}],"version-history":[{"count":3,"href":"https:\/\/www.swlauriersb.qc.ca\/fr\/wp-json\/wp\/v2\/posts\/18774\/revisions"}],"predecessor-version":[{"id":18780,"href":"https:\/\/www.swlauriersb.qc.ca\/fr\/wp-json\/wp\/v2\/posts\/18774\/revisions\/18780"}],"wp:attachment":[{"href":"https:\/\/www.swlauriersb.qc.ca\/fr\/wp-json\/wp\/v2\/media?parent=18774"}],"wp:term":[{"taxonomy":"category","embeddable":true,"href":"https:\/\/www.swlauriersb.qc.ca\/fr\/wp-json\/wp\/v2\/categories?post=18774"},{"taxonomy":"post_tag","embeddable":true,"href":"https:\/\/www.swlauriersb.qc.ca\/fr\/wp-json\/wp\/v2\/tags?post=18774"}],"curies":[{"name":"wp","href":"https:\/\/api.w.org\/{rel}","templated":true}]}}